{"id":33896,"date":"2025-01-02T17:34:40","date_gmt":"2025-01-02T17:34:40","guid":{"rendered":"https:\/\/www.eilecuador.org\/?p=33896"},"modified":"2025-06-18T02:20:24","modified_gmt":"2025-06-18T02:20:24","slug":"estrategias-para-incluir-el-espanol-en-tu-vida-diaria","status":"publish","type":"post","link":"https:\/\/www.eilecuador.org\/es\/estrategias-para-incluir-el-espanol-en-tu-vida-diaria\/","title":{"rendered":"Estrategias para incluir el espa\u00f1ol en tu vida diaria"},"content":{"rendered":"\n<p>Incorporar el espa\u00f1ol en tu vida diaria puede parecer un desaf\u00edo, pero con las estrategias adecuadas, se convierte en una experiencia enriquecedora y efectiva. Aqu\u00ed te ofrecemos consejos pr\u00e1cticos para sumergirte en el idioma y acelerar tu aprendizaje:<\/p>\n\n\n\n<p><strong>1. Sum\u00e9rgete en medios en espa\u00f1ol<\/strong><\/p>\n\n\n\n<p>Aprovecha la diversidad de recursos disponibles para familiarizarte con el idioma:<\/p>\n\n\n\n<ul class=\"wp-block-list\">\n<li><strong>Lectura<\/strong>: Dedica tiempo a leer art\u00edculos, noticias, revistas y libros en espa\u00f1ol. Esta pr\u00e1ctica mejorar\u00e1 tu comprensi\u00f3n lectora y ampliar\u00e1 tu vocabulario.<\/li>\n\n\n\n<li><strong>Audiovisuales<\/strong>: Mira pel\u00edculas, series y videos en espa\u00f1ol, inicialmente con subt\u00edtulos y, a medida que avances, sin ellos. Esto te ayudar\u00e1 a captar la pronunciaci\u00f3n y entonaci\u00f3n correcta.<\/li>\n\n\n\n<li><strong>Audio<\/strong>: Escucha audiolibros y canciones en espa\u00f1ol. La m\u00fasica es una excelente herramienta para aprender expresiones coloquiales y mejorar tu comprensi\u00f3n auditiva.<\/li>\n<\/ul>\n\n\n\n<p><strong>2. Utiliza la tecnolog\u00eda a tu favor<\/strong><\/p>\n\n\n\n<p>Transforma tus dispositivos en aliados para el aprendizaje:<\/p>\n\n\n\n<ul class=\"wp-block-list\">\n<li><strong>Aplicaciones educativas<\/strong>: Descarga apps que te ayuden a practicar vocabulario y gram\u00e1tica de manera interactiva.<\/li>\n\n\n\n<li><strong>Configuraci\u00f3n de idioma<\/strong>: Cambia el idioma de tu tel\u00e9fono, computadora y redes sociales al espa\u00f1ol. Esta inmersi\u00f3n constante te familiarizar\u00e1 con t\u00e9rminos y expresiones cotidianas.<\/li>\n<\/ul>\n\n\n\n<p><strong>3. Aprovecha cada momento para practicar<\/strong><\/p>\n\n\n\n<p>Incorpora el espa\u00f1ol en tus actividades diarias:<\/p>\n\n\n\n<ul class=\"wp-block-list\">\n<li><strong>Escritura<\/strong>: Lleva un diario en espa\u00f1ol donde anotes tus experiencias, pensamientos o planes. Esto fortalecer\u00e1 tu capacidad de expresi\u00f3n escrita.<\/li>\n\n\n\n<li><strong>Rutinas diarias<\/strong>: Mientras cocinas, haces ejercicio o realizas tareas dom\u00e9sticas, repasa vocabulario o escucha contenido en espa\u00f1ol.<\/li>\n\n\n\n<li><strong>Interacciones cotidianas<\/strong>: En tiendas, supermercados o al tomar un taxi, intenta comunicarte en espa\u00f1ol. La pr\u00e1ctica en situaciones reales consolidar\u00e1 tu confianza y fluidez.<\/li>\n<\/ul>\n\n\n\n<p><strong>4. Participa en actividades estructuradas<\/strong><\/p>\n\n\n\n<p>Considera unirte a programas que te brinden una inmersi\u00f3n m\u00e1s profunda:<\/p>\n\n\n\n<ul class=\"wp-block-list\">\n<li><strong>Clases de espa\u00f1ol<\/strong>: Inscribirte en cursos formales te proporcionar\u00e1 una base s\u00f3lida y orientaci\u00f3n personalizada. En EIL Ecuador, ofrecemos clases de espa\u00f1ol adaptadas a tus necesidades, impartidas por profesores nativos y experimentados. <a href=\"https:\/\/www.eilecuador.org\/es\/aprender-espanol\/?utm_source=chatgpt.com\" target=\"_blank\" rel=\"noreferrer noopener\">Nuestras clases de espa\u00f1ol son una opci\u00f3n<\/a><\/li>\n\n\n\n<li><strong>Programas de intercambio<\/strong>: Participar en intercambios culturales te permitir\u00e1 vivir experiencias aut\u00e9nticas y practicar el idioma en contextos reales. EIL Ecuador cuenta con una variedad de programas educativos que incluyen intercambios en el extranjero, voluntariados y m\u00e1s. <a href=\"https:\/\/www.eilecuador.org\/es\/programas-en-el-extranjero\/\" target=\"_blank\" rel=\"noreferrer noopener\">Revisa nuestros programas de intercambio y voluntariado<\/a><\/li>\n<\/ul>\n\n\n\n<p>Integrar el espa\u00f1ol en tu vida cotidiana no solo acelerar\u00e1 tu aprendizaje, sino que tambi\u00e9n te abrir\u00e1 puertas a nuevas experiencias culturales y sociales. \u00a1An\u00edmate a sumergirte en el idioma y descubre todo lo que el mundo hispanohablante tiene para ofrecerte!<\/p>\n","protected":false},"excerpt":{"rendered":"<p>Incorporar el espa\u00f1ol en tu vida diaria puede parecer un desaf\u00edo, pero con las estrategias adecuadas, se convierte en una&hellip;<\/p>\n","protected":false},"author":1,"featured_media":33897,"comment_status":"open","ping_status":"open","sticky":false,"template":"","format":"standard","meta":{"footnotes":""},"categories":[71,60],"tags":[53,80],"class_list":["post-33896","post","type-post","status-publish","format-standard","has-post-thumbnail","hentry","category-eil-ecuador-es","category-espanol","tag-dele","tag-eil-ecuador"],"yoast_head":"<!-- This site is optimized with the Yoast SEO Premium plugin v27.5 (Yoast SEO v27.5) - https:\/\/yoast.com\/product\/yoast-seo-premium-wordpress\/ -->\n<title>Estrategias para incluir el espa\u00f1ol en tu vida diaria - EIL Ecuador<\/title>\n<meta name=\"robots\" content=\"index, follow, max-snippet:-1, max-image-preview:large, max-video-preview:-1\" \/>\n<link rel=\"canonical\" href=\"https:\/\/www.eilecuador.org\/es\/estrategias-para-incluir-el-espanol-en-tu-vida-diaria\/\" \/>\n<meta property=\"og:locale\" content=\"es_ES\" \/>\n<meta property=\"og:type\" content=\"article\" \/>\n<meta property=\"og:title\" content=\"Estrategias para incluir el espa\u00f1ol en tu vida diaria\" \/>\n<meta property=\"og:description\" content=\"Incorporar el espa\u00f1ol en tu vida diaria puede parecer un desaf\u00edo, pero con las estrategias adecuadas, se convierte en una&hellip;\" \/>\n<meta property=\"og:url\" content=\"https:\/\/www.eilecuador.org\/es\/estrategias-para-incluir-el-espanol-en-tu-vida-diaria\/\" \/>\n<meta property=\"og:site_name\" content=\"EIL Ecuador\" \/>\n<meta property=\"article:publisher\" content=\"https:\/\/www.facebook.com\/eil.ecuador\/\" \/>\n<meta property=\"article:published_time\" content=\"2025-01-02T17:34:40+00:00\" \/>\n<meta property=\"article:modified_time\" content=\"2025-06-18T02:20:24+00:00\" \/>\n<meta property=\"og:image\" content=\"https:\/\/www.eilecuador.org\/wp-content\/uploads\/2025\/01\/estrategias-para-integrar-el-espanol-en-tu-vida-diaria-eil-ecuador.jpg\" \/>\n\t<meta property=\"og:image:width\" content=\"1200\" \/>\n\t<meta property=\"og:image:height\" content=\"628\" \/>\n\t<meta property=\"og:image:type\" content=\"image\/jpeg\" \/>\n<meta name=\"author\" content=\"ContentManager\" \/>\n<meta name=\"twitter:card\" content=\"summary_large_image\" \/>\n<meta name=\"twitter:creator\" content=\"@EILEcuador\" \/>\n<meta name=\"twitter:site\" content=\"@EILEcuador\" \/>\n<meta name=\"twitter:label1\" content=\"Escrito por\" \/>\n\t<meta name=\"twitter:data1\" content=\"ContentManager\" \/>\n\t<meta name=\"twitter:label2\" content=\"Tiempo de lectura\" \/>\n\t<meta name=\"twitter:data2\" content=\"2 minutos\" \/>\n<script type=\"application\/ld+json\" class=\"yoast-schema-graph\">{\"@context\":\"https:\\\/\\\/schema.org\",\"@graph\":[{\"@type\":\"Article\",\"@id\":\"https:\\\/\\\/www.eilecuador.org\\\/es\\\/estrategias-para-incluir-el-espanol-en-tu-vida-diaria\\\/#article\",\"isPartOf\":{\"@id\":\"https:\\\/\\\/www.eilecuador.org\\\/es\\\/estrategias-para-incluir-el-espanol-en-tu-vida-diaria\\\/\"},\"author\":{\"name\":\"ContentManager\",\"@id\":\"https:\\\/\\\/www.eilecuador.org\\\/es\\\/#\\\/schema\\\/person\\\/1328d5f727d80226e9625c5057fa2cb9\"},\"headline\":\"Estrategias para incluir el espa\u00f1ol en tu vida diaria\",\"datePublished\":\"2025-01-02T17:34:40+00:00\",\"dateModified\":\"2025-06-18T02:20:24+00:00\",\"mainEntityOfPage\":{\"@id\":\"https:\\\/\\\/www.eilecuador.org\\\/es\\\/estrategias-para-incluir-el-espanol-en-tu-vida-diaria\\\/\"},\"wordCount\":446,\"commentCount\":0,\"publisher\":{\"@id\":\"https:\\\/\\\/www.eilecuador.org\\\/es\\\/#organization\"},\"image\":{\"@id\":\"https:\\\/\\\/www.eilecuador.org\\\/es\\\/estrategias-para-incluir-el-espanol-en-tu-vida-diaria\\\/#primaryimage\"},\"thumbnailUrl\":\"https:\\\/\\\/www.eilecuador.org\\\/wp-content\\\/uploads\\\/2025\\\/01\\\/estrategias-para-integrar-el-espanol-en-tu-vida-diaria-eil-ecuador.jpg\",\"keywords\":[\"DELE\",\"EIL Ecuador\"],\"articleSection\":[\"EIL Ecuador\",\"Espa\u00f1ol\"],\"inLanguage\":\"es\",\"potentialAction\":[{\"@type\":\"CommentAction\",\"name\":\"Comment\",\"target\":[\"https:\\\/\\\/www.eilecuador.org\\\/es\\\/estrategias-para-incluir-el-espanol-en-tu-vida-diaria\\\/#respond\"]}]},{\"@type\":\"WebPage\",\"@id\":\"https:\\\/\\\/www.eilecuador.org\\\/es\\\/estrategias-para-incluir-el-espanol-en-tu-vida-diaria\\\/\",\"url\":\"https:\\\/\\\/www.eilecuador.org\\\/es\\\/estrategias-para-incluir-el-espanol-en-tu-vida-diaria\\\/\",\"name\":\"Estrategias para incluir el espa\u00f1ol en tu vida diaria - EIL Ecuador\",\"isPartOf\":{\"@id\":\"https:\\\/\\\/www.eilecuador.org\\\/es\\\/#website\"},\"primaryImageOfPage\":{\"@id\":\"https:\\\/\\\/www.eilecuador.org\\\/es\\\/estrategias-para-incluir-el-espanol-en-tu-vida-diaria\\\/#primaryimage\"},\"image\":{\"@id\":\"https:\\\/\\\/www.eilecuador.org\\\/es\\\/estrategias-para-incluir-el-espanol-en-tu-vida-diaria\\\/#primaryimage\"},\"thumbnailUrl\":\"https:\\\/\\\/www.eilecuador.org\\\/wp-content\\\/uploads\\\/2025\\\/01\\\/estrategias-para-integrar-el-espanol-en-tu-vida-diaria-eil-ecuador.jpg\",\"datePublished\":\"2025-01-02T17:34:40+00:00\",\"dateModified\":\"2025-06-18T02:20:24+00:00\",\"breadcrumb\":{\"@id\":\"https:\\\/\\\/www.eilecuador.org\\\/es\\\/estrategias-para-incluir-el-espanol-en-tu-vida-diaria\\\/#breadcrumb\"},\"inLanguage\":\"es\",\"potentialAction\":[{\"@type\":\"ReadAction\",\"target\":[\"https:\\\/\\\/www.eilecuador.org\\\/es\\\/estrategias-para-incluir-el-espanol-en-tu-vida-diaria\\\/\"]}]},{\"@type\":\"ImageObject\",\"inLanguage\":\"es\",\"@id\":\"https:\\\/\\\/www.eilecuador.org\\\/es\\\/estrategias-para-incluir-el-espanol-en-tu-vida-diaria\\\/#primaryimage\",\"url\":\"https:\\\/\\\/www.eilecuador.org\\\/wp-content\\\/uploads\\\/2025\\\/01\\\/estrategias-para-integrar-el-espanol-en-tu-vida-diaria-eil-ecuador.jpg\",\"contentUrl\":\"https:\\\/\\\/www.eilecuador.org\\\/wp-content\\\/uploads\\\/2025\\\/01\\\/estrategias-para-integrar-el-espanol-en-tu-vida-diaria-eil-ecuador.jpg\",\"width\":1200,\"height\":628,\"caption\":\"estrategias-para-integrar-el-espa\u00f1ol-en-tu-vida-diaria-eil-ecuador\"},{\"@type\":\"BreadcrumbList\",\"@id\":\"https:\\\/\\\/www.eilecuador.org\\\/es\\\/estrategias-para-incluir-el-espanol-en-tu-vida-diaria\\\/#breadcrumb\",\"itemListElement\":[{\"@type\":\"ListItem\",\"position\":1,\"name\":\"Home\",\"item\":\"https:\\\/\\\/www.eilecuador.org\\\/es\\\/\"},{\"@type\":\"ListItem\",\"position\":2,\"name\":\"Estrategias para incluir el espa\u00f1ol en tu vida diaria\"}]},{\"@type\":\"WebSite\",\"@id\":\"https:\\\/\\\/www.eilecuador.org\\\/es\\\/#website\",\"url\":\"https:\\\/\\\/www.eilecuador.org\\\/es\\\/\",\"name\":\"EIL Ecuador\",\"description\":\"Study, Work and Travel\",\"publisher\":{\"@id\":\"https:\\\/\\\/www.eilecuador.org\\\/es\\\/#organization\"},\"potentialAction\":[{\"@type\":\"SearchAction\",\"target\":{\"@type\":\"EntryPoint\",\"urlTemplate\":\"https:\\\/\\\/www.eilecuador.org\\\/es\\\/?s={search_term_string}\"},\"query-input\":{\"@type\":\"PropertyValueSpecification\",\"valueRequired\":true,\"valueName\":\"search_term_string\"}}],\"inLanguage\":\"es\"},{\"@type\":\"Organization\",\"@id\":\"https:\\\/\\\/www.eilecuador.org\\\/es\\\/#organization\",\"name\":\"EIL Ecuador\",\"url\":\"https:\\\/\\\/www.eilecuador.org\\\/es\\\/\",\"logo\":{\"@type\":\"ImageObject\",\"inLanguage\":\"es\",\"@id\":\"https:\\\/\\\/www.eilecuador.org\\\/es\\\/#\\\/schema\\\/logo\\\/image\\\/\",\"url\":\"http:\\\/\\\/www.indigitalec.com\\\/eilEcuador\\\/wp-content\\\/uploads\\\/2023\\\/04\\\/logo-eil-ecuador.png\",\"contentUrl\":\"http:\\\/\\\/www.indigitalec.com\\\/eilEcuador\\\/wp-content\\\/uploads\\\/2023\\\/04\\\/logo-eil-ecuador.png\",\"width\":454,\"height\":139,\"caption\":\"EIL Ecuador\"},\"image\":{\"@id\":\"https:\\\/\\\/www.eilecuador.org\\\/es\\\/#\\\/schema\\\/logo\\\/image\\\/\"},\"sameAs\":[\"https:\\\/\\\/www.facebook.com\\\/eil.ecuador\\\/\",\"https:\\\/\\\/x.com\\\/EILEcuador\",\"https:\\\/\\\/www.instagram.com\\\/eil.ecuador\\\/\"]},{\"@type\":\"Person\",\"@id\":\"https:\\\/\\\/www.eilecuador.org\\\/es\\\/#\\\/schema\\\/person\\\/1328d5f727d80226e9625c5057fa2cb9\",\"name\":\"ContentManager\",\"image\":{\"@type\":\"ImageObject\",\"inLanguage\":\"es\",\"@id\":\"https:\\\/\\\/secure.gravatar.com\\\/avatar\\\/e738b136a0d0bb923ad8812c4519446b1e0c2850823284aa74ddf9854a9dd343?s=96&d=mm&r=g\",\"url\":\"https:\\\/\\\/secure.gravatar.com\\\/avatar\\\/e738b136a0d0bb923ad8812c4519446b1e0c2850823284aa74ddf9854a9dd343?s=96&d=mm&r=g\",\"contentUrl\":\"https:\\\/\\\/secure.gravatar.com\\\/avatar\\\/e738b136a0d0bb923ad8812c4519446b1e0c2850823284aa74ddf9854a9dd343?s=96&d=mm&r=g\",\"caption\":\"ContentManager\"},\"sameAs\":[\"http:\\\/\\\/www.indigitalec.com\\\/eilEcuador\"],\"url\":\"https:\\\/\\\/www.eilecuador.org\\\/es\\\/author\\\/contentmanager\\\/\"}]}<\/script>\n<!-- \/ Yoast SEO Premium plugin. -->","yoast_head_json":{"title":"Estrategias para incluir el espa\u00f1ol en tu vida diaria - EIL Ecuador","robots":{"index":"index","follow":"follow","max-snippet":"max-snippet:-1","max-image-preview":"max-image-preview:large","max-video-preview":"max-video-preview:-1"},"canonical":"https:\/\/www.eilecuador.org\/es\/estrategias-para-incluir-el-espanol-en-tu-vida-diaria\/","og_locale":"es_ES","og_type":"article","og_title":"Estrategias para incluir el espa\u00f1ol en tu vida diaria","og_description":"Incorporar el espa\u00f1ol en tu vida diaria puede parecer un desaf\u00edo, pero con las estrategias adecuadas, se convierte en una&hellip;","og_url":"https:\/\/www.eilecuador.org\/es\/estrategias-para-incluir-el-espanol-en-tu-vida-diaria\/","og_site_name":"EIL Ecuador","article_publisher":"https:\/\/www.facebook.com\/eil.ecuador\/","article_published_time":"2025-01-02T17:34:40+00:00","article_modified_time":"2025-06-18T02:20:24+00:00","og_image":[{"width":1200,"height":628,"url":"https:\/\/www.eilecuador.org\/wp-content\/uploads\/2025\/01\/estrategias-para-integrar-el-espanol-en-tu-vida-diaria-eil-ecuador.jpg","type":"image\/jpeg"}],"author":"ContentManager","twitter_card":"summary_large_image","twitter_creator":"@EILEcuador","twitter_site":"@EILEcuador","twitter_misc":{"Escrito por":"ContentManager","Tiempo de lectura":"2 minutos"},"schema":{"@context":"https:\/\/schema.org","@graph":[{"@type":"Article","@id":"https:\/\/www.eilecuador.org\/es\/estrategias-para-incluir-el-espanol-en-tu-vida-diaria\/#article","isPartOf":{"@id":"https:\/\/www.eilecuador.org\/es\/estrategias-para-incluir-el-espanol-en-tu-vida-diaria\/"},"author":{"name":"ContentManager","@id":"https:\/\/www.eilecuador.org\/es\/#\/schema\/person\/1328d5f727d80226e9625c5057fa2cb9"},"headline":"Estrategias para incluir el espa\u00f1ol en tu vida diaria","datePublished":"2025-01-02T17:34:40+00:00","dateModified":"2025-06-18T02:20:24+00:00","mainEntityOfPage":{"@id":"https:\/\/www.eilecuador.org\/es\/estrategias-para-incluir-el-espanol-en-tu-vida-diaria\/"},"wordCount":446,"commentCount":0,"publisher":{"@id":"https:\/\/www.eilecuador.org\/es\/#organization"},"image":{"@id":"https:\/\/www.eilecuador.org\/es\/estrategias-para-incluir-el-espanol-en-tu-vida-diaria\/#primaryimage"},"thumbnailUrl":"https:\/\/www.eilecuador.org\/wp-content\/uploads\/2025\/01\/estrategias-para-integrar-el-espanol-en-tu-vida-diaria-eil-ecuador.jpg","keywords":["DELE","EIL Ecuador"],"articleSection":["EIL Ecuador","Espa\u00f1ol"],"inLanguage":"es","potentialAction":[{"@type":"CommentAction","name":"Comment","target":["https:\/\/www.eilecuador.org\/es\/estrategias-para-incluir-el-espanol-en-tu-vida-diaria\/#respond"]}]},{"@type":"WebPage","@id":"https:\/\/www.eilecuador.org\/es\/estrategias-para-incluir-el-espanol-en-tu-vida-diaria\/","url":"https:\/\/www.eilecuador.org\/es\/estrategias-para-incluir-el-espanol-en-tu-vida-diaria\/","name":"Estrategias para incluir el espa\u00f1ol en tu vida diaria - EIL Ecuador","isPartOf":{"@id":"https:\/\/www.eilecuador.org\/es\/#website"},"primaryImageOfPage":{"@id":"https:\/\/www.eilecuador.org\/es\/estrategias-para-incluir-el-espanol-en-tu-vida-diaria\/#primaryimage"},"image":{"@id":"https:\/\/www.eilecuador.org\/es\/estrategias-para-incluir-el-espanol-en-tu-vida-diaria\/#primaryimage"},"thumbnailUrl":"https:\/\/www.eilecuador.org\/wp-content\/uploads\/2025\/01\/estrategias-para-integrar-el-espanol-en-tu-vida-diaria-eil-ecuador.jpg","datePublished":"2025-01-02T17:34:40+00:00","dateModified":"2025-06-18T02:20:24+00:00","breadcrumb":{"@id":"https:\/\/www.eilecuador.org\/es\/estrategias-para-incluir-el-espanol-en-tu-vida-diaria\/#breadcrumb"},"inLanguage":"es","potentialAction":[{"@type":"ReadAction","target":["https:\/\/www.eilecuador.org\/es\/estrategias-para-incluir-el-espanol-en-tu-vida-diaria\/"]}]},{"@type":"ImageObject","inLanguage":"es","@id":"https:\/\/www.eilecuador.org\/es\/estrategias-para-incluir-el-espanol-en-tu-vida-diaria\/#primaryimage","url":"https:\/\/www.eilecuador.org\/wp-content\/uploads\/2025\/01\/estrategias-para-integrar-el-espanol-en-tu-vida-diaria-eil-ecuador.jpg","contentUrl":"https:\/\/www.eilecuador.org\/wp-content\/uploads\/2025\/01\/estrategias-para-integrar-el-espanol-en-tu-vida-diaria-eil-ecuador.jpg","width":1200,"height":628,"caption":"estrategias-para-integrar-el-espa\u00f1ol-en-tu-vida-diaria-eil-ecuador"},{"@type":"BreadcrumbList","@id":"https:\/\/www.eilecuador.org\/es\/estrategias-para-incluir-el-espanol-en-tu-vida-diaria\/#breadcrumb","itemListElement":[{"@type":"ListItem","position":1,"name":"Home","item":"https:\/\/www.eilecuador.org\/es\/"},{"@type":"ListItem","position":2,"name":"Estrategias para incluir el espa\u00f1ol en tu vida diaria"}]},{"@type":"WebSite","@id":"https:\/\/www.eilecuador.org\/es\/#website","url":"https:\/\/www.eilecuador.org\/es\/","name":"EIL Ecuador","description":"Study, Work and Travel","publisher":{"@id":"https:\/\/www.eilecuador.org\/es\/#organization"},"potentialAction":[{"@type":"SearchAction","target":{"@type":"EntryPoint","urlTemplate":"https:\/\/www.eilecuador.org\/es\/?s={search_term_string}"},"query-input":{"@type":"PropertyValueSpecification","valueRequired":true,"valueName":"search_term_string"}}],"inLanguage":"es"},{"@type":"Organization","@id":"https:\/\/www.eilecuador.org\/es\/#organization","name":"EIL Ecuador","url":"https:\/\/www.eilecuador.org\/es\/","logo":{"@type":"ImageObject","inLanguage":"es","@id":"https:\/\/www.eilecuador.org\/es\/#\/schema\/logo\/image\/","url":"http:\/\/www.indigitalec.com\/eilEcuador\/wp-content\/uploads\/2023\/04\/logo-eil-ecuador.png","contentUrl":"http:\/\/www.indigitalec.com\/eilEcuador\/wp-content\/uploads\/2023\/04\/logo-eil-ecuador.png","width":454,"height":139,"caption":"EIL Ecuador"},"image":{"@id":"https:\/\/www.eilecuador.org\/es\/#\/schema\/logo\/image\/"},"sameAs":["https:\/\/www.facebook.com\/eil.ecuador\/","https:\/\/x.com\/EILEcuador","https:\/\/www.instagram.com\/eil.ecuador\/"]},{"@type":"Person","@id":"https:\/\/www.eilecuador.org\/es\/#\/schema\/person\/1328d5f727d80226e9625c5057fa2cb9","name":"ContentManager","image":{"@type":"ImageObject","inLanguage":"es","@id":"https:\/\/secure.gravatar.com\/avatar\/e738b136a0d0bb923ad8812c4519446b1e0c2850823284aa74ddf9854a9dd343?s=96&d=mm&r=g","url":"https:\/\/secure.gravatar.com\/avatar\/e738b136a0d0bb923ad8812c4519446b1e0c2850823284aa74ddf9854a9dd343?s=96&d=mm&r=g","contentUrl":"https:\/\/secure.gravatar.com\/avatar\/e738b136a0d0bb923ad8812c4519446b1e0c2850823284aa74ddf9854a9dd343?s=96&d=mm&r=g","caption":"ContentManager"},"sameAs":["http:\/\/www.indigitalec.com\/eilEcuador"],"url":"https:\/\/www.eilecuador.org\/es\/author\/contentmanager\/"}]}},"_links":{"self":[{"href":"https:\/\/www.eilecuador.org\/es\/wp-json\/wp\/v2\/posts\/33896","targetHints":{"allow":["GET"]}}],"collection":[{"href":"https:\/\/www.eilecuador.org\/es\/wp-json\/wp\/v2\/posts"}],"about":[{"href":"https:\/\/www.eilecuador.org\/es\/wp-json\/wp\/v2\/types\/post"}],"author":[{"embeddable":true,"href":"https:\/\/www.eilecuador.org\/es\/wp-json\/wp\/v2\/users\/1"}],"replies":[{"embeddable":true,"href":"https:\/\/www.eilecuador.org\/es\/wp-json\/wp\/v2\/comments?post=33896"}],"version-history":[{"count":4,"href":"https:\/\/www.eilecuador.org\/es\/wp-json\/wp\/v2\/posts\/33896\/revisions"}],"predecessor-version":[{"id":33904,"href":"https:\/\/www.eilecuador.org\/es\/wp-json\/wp\/v2\/posts\/33896\/revisions\/33904"}],"wp:featuredmedia":[{"embeddable":true,"href":"https:\/\/www.eilecuador.org\/es\/wp-json\/wp\/v2\/media\/33897"}],"wp:attachment":[{"href":"https:\/\/www.eilecuador.org\/es\/wp-json\/wp\/v2\/media?parent=33896"}],"wp:term":[{"taxonomy":"category","embeddable":true,"href":"https:\/\/www.eilecuador.org\/es\/wp-json\/wp\/v2\/categories?post=33896"},{"taxonomy":"post_tag","embeddable":true,"href":"https:\/\/www.eilecuador.org\/es\/wp-json\/wp\/v2\/tags?post=33896"}],"curies":[{"name":"wp","href":"https:\/\/api.w.org\/{rel}","templated":true}]}}