{"id":28402,"date":"2020-06-16T19:00:41","date_gmt":"2020-06-17T00:00:41","guid":{"rendered":"http:\/\/www.eilecuador.org\/?p=28402"},"modified":"2020-06-16T19:00:41","modified_gmt":"2020-06-17T00:00:41","slug":"ecuador-habla-ingles","status":"publish","type":"post","link":"https:\/\/www.eilecuador.org\/es\/ecuador-habla-ingles\/","title":{"rendered":"Ecuador Habla Ingl\u00e9s!"},"content":{"rendered":"<p>En noviembre 2019, el Ministerio de Educaci\u00f3n y la Embajada de los Estados Unidos firmaron una carta de cooperaci\u00f3n para colaborar en temas de ense\u00f1anza de ingl\u00e9s en la educaci\u00f3n p\u00fablica (<a href=\"https:\/\/ec.usembassy.gov\/es\/estados-unidos-y-ecuador-colaboran-en-la-ensenanza-de-ingles-para-fomentar-la-educacion-y-la-prosperidad\/\" target=\"_blank\" rel=\"noopener\">https:\/\/ec.usembassy.gov\/es\/estados-unidos-y-ecuador-colaboran-en-la-ensenanza-de-ingles-para-fomentar-la-educacion-y-la-prosperidad\/<\/a>;\u00a0<a href=\"https:\/\/educacion.gob.ec\/se-firmo-convenio-para-fortalecer-la-ensenanza-del-idioma-ingles\/\" target=\"_blank\" rel=\"noopener\">https:\/\/educacion.gob.ec\/se-firmo-convenio-para-fortalecer-la-ensenanza-del-idioma-ingles\/<\/a>). Es un gusto para EIL formar parte de este gran proyecto <strong>Ecuador Habla Ingl\u00e9s<\/strong>.<\/p>\n<p><strong>Ecuador Habla Ingl\u00e9s<\/strong> es un proyecto destinado para docentes de ingl\u00e9s de instituciones p\u00fablicas del Ministerio de Educaci\u00f3n, auspiciado por fondos de diplomacia p\u00fablica de la Embajada de los Estados Unidos. A trav\u00e9s de este proyecto, <strong>EIL Ecuador ofrece una serie de cursos gratuitos de capacitaci\u00f3n ling\u00fc\u00efstica<\/strong> para que los participantes puedan elevar su nivel de ingl\u00e9s. Tambi\u00e9n tiene un objetivo metodol\u00f3gico. Los\u00a0cursos se basen en los m\u00f3dulos digitales de curr\u00edculo de ingl\u00e9s del Ministerio, y los docentes participantes experimentan\u00a0actividades y\u00a0buenas pr\u00e1cticas de ense\u00f1anza que se basen en estos textos del Ministerio de Educaci\u00f3n. Aunque originalmente se contempl\u00f3 como un programa presencial, se adapt\u00f3 a la actualidad de la emergencia sanitaria y se replant\u00f3 permanentemente como programa virtual.<\/p>\n<p><strong>Ecuador Habla Ingl\u00e9s<\/strong> inicia como\u00a0un proyecto piloto en las provincias de Manab\u00ed y Santo Domingo. El 8 de junio, 2020, se lanz\u00f3 con 213 participantes de estas provincias estudiando v\u00eda Zoom en clases sincronizadas\u00a0en 5 niveles distintos (A1.2 hasta B1.2). En noviembre se iniciar\u00e1 el segundo ciclo, con la adici\u00f3n de 172 cupos, y tambi\u00e9n los niveles B2.1 y B2.2. Est\u00e1n confirmados en total\u00a03 ciclos de cursos, desde junio 2020 hasta septiembre 2021. Se espera\u00a0ampliar y\/o duplicar con docentes de otras provincias en caso de existir inter\u00e9s y fondos.<\/p>\n<p>Los cursos extensivos de capacitaci\u00f3n ling\u00fc\u00edstica de <strong>Ecuador Habla Ingl\u00e9s<\/strong> son dise\u00f1ados y supervisados por <strong>EIL Ecuador e implementados por docentes lideres formados a trav\u00e9s del curso\u00a0SIT\u00a0Best\u00a0Practices\u00a0in TESOL<\/strong>\u00a0y otros proyectos de ingl\u00e9s de la Embajada EEUU.\u00a0aprovechando de la experticia local en la red de profesores l\u00edderes que tienen 1) un nivel ling\u00fc\u00edstica superior por su\u00a0regi\u00f3n, y 2) m\u00e9todos de ense\u00f1anza centrados en el estudiante y eficaces para el contexto ecuatoriano\u00a0que pueden demostrar a trav\u00e9s de su ense\u00f1anza a otros docentes.<\/p>\n<p>Los docentes participantes del primer ciclo ense\u00f1an un promedio de 100 alumnos cada uno, por lo tanto, se espera tener un impacto positivo en el <strong>aprendizaje de ingl\u00e9s<\/strong> de aproximadamente 21.300 alumnos de educaci\u00f3n p\u00fablica en Manab\u00ed y Santo Domingo en este a\u00f1o lectivo.<\/p>\n<p>Este programa tiene sus bases en el proyecto\u00a0<strong>SIT Best Practices in TESOL<\/strong>, tambi\u00e9n implementado por EIL Ecuador con el auspicio de la Embajada de los Estados Unidos.\u00a0En 2018, EIL Ecuador concurs\u00f3 y recibi\u00f3 fondos de la Embajada de Estados Unidos, con los cuales capacit\u00f3 con 130 horas de desarrollo profesional (SIT\u00a0Best\u00a0Practices\u00a0in TESOL) a 39 docentes de ingl\u00e9s del Ministerio de Educaci\u00f3n y de instituciones p\u00fablicas de educaci\u00f3n superior. Adem\u00e1s, se realizaron visitas de seguimiento en 18 provincias del pa\u00eds, con visitas a 35 instituciones de educaci\u00f3n p\u00fablica y talleres de 2 a 5 horas ofrecidos a docentes de 32 Distritos educativos.\u00a0En 2019, EIL Ecuador concurs\u00f3 nuevamente y recibi\u00f3 fondos de la Embajada de Estados Unidos para implementar el mismo programa de capacitaci\u00f3n con docentes de ingl\u00e9s de todo el Ecuador hasta septiembre 2020, con 40 docentes adicionales.<\/p>\n<p>El programa <strong>Ecuador Habla Ingl\u00e9s<\/strong> surge de las necesidades gemelas de los docentes del pa\u00eds, necesidad de capacitaci\u00f3n en el dominio del idioma ingl\u00e9s, y necesidad de apoyo pedag\u00f3gica en la implementaci\u00f3n de m\u00e9todos modernos y eficaces para el aprendizaje.\u00a0La \u00faltima evaluaci\u00f3n a los docentes de ingl\u00e9s del Ministerio de Educaci\u00f3n, realizada en el 2018 junto con el Instituto Nacional de Evaluaci\u00f3n Educativa (INEVAL), revel\u00f3 que apenas el 14% de los docentes evaluados registra un nivel B2 o superior. Vimos la necesidad de cursos de estudio a largo plazo, tomando en cuenta que el tiempo de capacitaci\u00f3n ling\u00fc\u00edstica (en cursos que implementan buenas pr\u00e1cticas metodol\u00f3gicas) que necesita un individuo t\u00edpico con nivel b\u00e1sico para alcanzar el nivel B2 es entre 500 y 600 horas.<\/p>\n<p>Personas que desean recibir informaci\u00f3n de los pr\u00f3ximos ciclos de estudio del <strong>programa Ecuador Habla Ingl\u00e9s<\/strong> y de otros proyectos de EIL Ecuador pueden suscribirse a la lista de correo del Departamento de Ingl\u00e9s ingresando al siguiente enlace &#8211; <\/p>\n<p>Conoce m\u00e1s sobre el programa:<\/p>\n<p><img fetchpriority=\"high\" decoding=\"async\" class=\"alignnone size-full wp-image-28411\" src=\"http:\/\/www.eilecuador.org\/wp-content\/uploads\/2020\/06\/ecuador-habla-ingles-acerca-del-programa-eil-1.jpg\" alt=\"ecuador-habla-ingles-acerca-del-programa-eil-1\" width=\"950\" height=\"534\" \/><\/p>\n<p><img decoding=\"async\" class=\"alignnone size-full wp-image-28412\" src=\"http:\/\/www.eilecuador.org\/wp-content\/uploads\/2020\/06\/ecuador-habla-ingles-acerca-del-programa-eil.jpg\" alt=\"\" width=\"950\" height=\"534\" \/><\/p>\n","protected":false},"excerpt":{"rendered":"<p>En noviembre 2019, el Ministerio de Educaci\u00f3n y la Embajada de los Estados Unidos firmaron una carta de cooperaci\u00f3n para&hellip;<\/p>\n","protected":false},"author":1,"featured_media":28410,"comment_status":"open","ping_status":"open","sticky":false,"template":"","format":"standard","meta":{"footnotes":""},"categories":[48],"tags":[],"class_list":["post-28402","post","type-post","status-publish","format-standard","has-post-thumbnail","hentry","category-noticias"],"yoast_head":"<!-- This site is optimized with the Yoast SEO Premium plugin v27.5 (Yoast SEO v27.5) - https:\/\/yoast.com\/product\/yoast-seo-premium-wordpress\/ -->\n<title>Ecuador Habla Ingl\u00e9s! - EIL Ecuador<\/title>\n<meta name=\"description\" content=\"Ecuador habla Ingl\u00e9s: Ministerio de Educaci\u00f3n y la Embajada de los Estados Unidos firmaron carta de cooperaci\u00f3n por temas de ense\u00f1anza de ingl\u00e9s\" \/>\n<meta name=\"robots\" content=\"index, follow, max-snippet:-1, max-image-preview:large, max-video-preview:-1\" \/>\n<link rel=\"canonical\" href=\"https:\/\/www.eilecuador.org\/es\/ecuador-habla-ingles\/\" \/>\n<meta property=\"og:locale\" content=\"es_ES\" \/>\n<meta property=\"og:type\" content=\"article\" \/>\n<meta property=\"og:title\" content=\"Ecuador Habla Ingl\u00e9s!\" \/>\n<meta property=\"og:description\" content=\"Ecuador habla Ingl\u00e9s: Ministerio de Educaci\u00f3n y la Embajada de los Estados Unidos firmaron carta de cooperaci\u00f3n por temas de ense\u00f1anza de ingl\u00e9s\" \/>\n<meta property=\"og:url\" content=\"https:\/\/www.eilecuador.org\/es\/ecuador-habla-ingles\/\" \/>\n<meta property=\"og:site_name\" content=\"EIL Ecuador\" \/>\n<meta property=\"article:publisher\" content=\"https:\/\/www.facebook.com\/eil.ecuador\/\" \/>\n<meta property=\"article:published_time\" content=\"2020-06-17T00:00:41+00:00\" \/>\n<meta name=\"author\" content=\"ContentManager\" \/>\n<meta name=\"twitter:card\" content=\"summary_large_image\" \/>\n<meta name=\"twitter:creator\" content=\"@EILEcuador\" \/>\n<meta name=\"twitter:site\" content=\"@EILEcuador\" \/>\n<meta name=\"twitter:label1\" content=\"Escrito por\" \/>\n\t<meta name=\"twitter:data1\" content=\"ContentManager\" \/>\n\t<meta name=\"twitter:label2\" content=\"Tiempo de lectura\" \/>\n\t<meta name=\"twitter:data2\" content=\"4 minutos\" \/>\n<script type=\"application\/ld+json\" class=\"yoast-schema-graph\">{\"@context\":\"https:\\\/\\\/schema.org\",\"@graph\":[{\"@type\":\"Article\",\"@id\":\"https:\\\/\\\/www.eilecuador.org\\\/es\\\/ecuador-habla-ingles\\\/#article\",\"isPartOf\":{\"@id\":\"https:\\\/\\\/www.eilecuador.org\\\/es\\\/ecuador-habla-ingles\\\/\"},\"author\":{\"name\":\"ContentManager\",\"@id\":\"https:\\\/\\\/www.eilecuador.org\\\/es\\\/#\\\/schema\\\/person\\\/1328d5f727d80226e9625c5057fa2cb9\"},\"headline\":\"Ecuador Habla Ingl\u00e9s!\",\"datePublished\":\"2020-06-17T00:00:41+00:00\",\"mainEntityOfPage\":{\"@id\":\"https:\\\/\\\/www.eilecuador.org\\\/es\\\/ecuador-habla-ingles\\\/\"},\"wordCount\":772,\"commentCount\":1,\"publisher\":{\"@id\":\"https:\\\/\\\/www.eilecuador.org\\\/es\\\/#organization\"},\"image\":{\"@id\":\"https:\\\/\\\/www.eilecuador.org\\\/es\\\/ecuador-habla-ingles\\\/#primaryimage\"},\"thumbnailUrl\":\"\",\"articleSection\":[\"Noticias\"],\"inLanguage\":\"es\",\"potentialAction\":[{\"@type\":\"CommentAction\",\"name\":\"Comment\",\"target\":[\"https:\\\/\\\/www.eilecuador.org\\\/es\\\/ecuador-habla-ingles\\\/#respond\"]}]},{\"@type\":\"WebPage\",\"@id\":\"https:\\\/\\\/www.eilecuador.org\\\/es\\\/ecuador-habla-ingles\\\/\",\"url\":\"https:\\\/\\\/www.eilecuador.org\\\/es\\\/ecuador-habla-ingles\\\/\",\"name\":\"Ecuador Habla Ingl\u00e9s! - EIL Ecuador\",\"isPartOf\":{\"@id\":\"https:\\\/\\\/www.eilecuador.org\\\/es\\\/#website\"},\"primaryImageOfPage\":{\"@id\":\"https:\\\/\\\/www.eilecuador.org\\\/es\\\/ecuador-habla-ingles\\\/#primaryimage\"},\"image\":{\"@id\":\"https:\\\/\\\/www.eilecuador.org\\\/es\\\/ecuador-habla-ingles\\\/#primaryimage\"},\"thumbnailUrl\":\"\",\"datePublished\":\"2020-06-17T00:00:41+00:00\",\"description\":\"Ecuador habla Ingl\u00e9s: Ministerio de Educaci\u00f3n y la Embajada de los Estados Unidos firmaron carta de cooperaci\u00f3n por temas de ense\u00f1anza de ingl\u00e9s\",\"breadcrumb\":{\"@id\":\"https:\\\/\\\/www.eilecuador.org\\\/es\\\/ecuador-habla-ingles\\\/#breadcrumb\"},\"inLanguage\":\"es\",\"potentialAction\":[{\"@type\":\"ReadAction\",\"target\":[\"https:\\\/\\\/www.eilecuador.org\\\/es\\\/ecuador-habla-ingles\\\/\"]}]},{\"@type\":\"ImageObject\",\"inLanguage\":\"es\",\"@id\":\"https:\\\/\\\/www.eilecuador.org\\\/es\\\/ecuador-habla-ingles\\\/#primaryimage\",\"url\":\"\",\"contentUrl\":\"\"},{\"@type\":\"BreadcrumbList\",\"@id\":\"https:\\\/\\\/www.eilecuador.org\\\/es\\\/ecuador-habla-ingles\\\/#breadcrumb\",\"itemListElement\":[{\"@type\":\"ListItem\",\"position\":1,\"name\":\"Home\",\"item\":\"https:\\\/\\\/www.eilecuador.org\\\/es\\\/\"},{\"@type\":\"ListItem\",\"position\":2,\"name\":\"Ecuador Habla Ingl\u00e9s!\"}]},{\"@type\":\"WebSite\",\"@id\":\"https:\\\/\\\/www.eilecuador.org\\\/es\\\/#website\",\"url\":\"https:\\\/\\\/www.eilecuador.org\\\/es\\\/\",\"name\":\"EIL Ecuador\",\"description\":\"Study, Work and Travel\",\"publisher\":{\"@id\":\"https:\\\/\\\/www.eilecuador.org\\\/es\\\/#organization\"},\"potentialAction\":[{\"@type\":\"SearchAction\",\"target\":{\"@type\":\"EntryPoint\",\"urlTemplate\":\"https:\\\/\\\/www.eilecuador.org\\\/es\\\/?s={search_term_string}\"},\"query-input\":{\"@type\":\"PropertyValueSpecification\",\"valueRequired\":true,\"valueName\":\"search_term_string\"}}],\"inLanguage\":\"es\"},{\"@type\":\"Organization\",\"@id\":\"https:\\\/\\\/www.eilecuador.org\\\/es\\\/#organization\",\"name\":\"EIL Ecuador\",\"url\":\"https:\\\/\\\/www.eilecuador.org\\\/es\\\/\",\"logo\":{\"@type\":\"ImageObject\",\"inLanguage\":\"es\",\"@id\":\"https:\\\/\\\/www.eilecuador.org\\\/es\\\/#\\\/schema\\\/logo\\\/image\\\/\",\"url\":\"http:\\\/\\\/www.indigitalec.com\\\/eilEcuador\\\/wp-content\\\/uploads\\\/2023\\\/04\\\/logo-eil-ecuador.png\",\"contentUrl\":\"http:\\\/\\\/www.indigitalec.com\\\/eilEcuador\\\/wp-content\\\/uploads\\\/2023\\\/04\\\/logo-eil-ecuador.png\",\"width\":454,\"height\":139,\"caption\":\"EIL Ecuador\"},\"image\":{\"@id\":\"https:\\\/\\\/www.eilecuador.org\\\/es\\\/#\\\/schema\\\/logo\\\/image\\\/\"},\"sameAs\":[\"https:\\\/\\\/www.facebook.com\\\/eil.ecuador\\\/\",\"https:\\\/\\\/x.com\\\/EILEcuador\",\"https:\\\/\\\/www.instagram.com\\\/eil.ecuador\\\/\"]},{\"@type\":\"Person\",\"@id\":\"https:\\\/\\\/www.eilecuador.org\\\/es\\\/#\\\/schema\\\/person\\\/1328d5f727d80226e9625c5057fa2cb9\",\"name\":\"ContentManager\",\"image\":{\"@type\":\"ImageObject\",\"inLanguage\":\"es\",\"@id\":\"https:\\\/\\\/secure.gravatar.com\\\/avatar\\\/e738b136a0d0bb923ad8812c4519446b1e0c2850823284aa74ddf9854a9dd343?s=96&d=mm&r=g\",\"url\":\"https:\\\/\\\/secure.gravatar.com\\\/avatar\\\/e738b136a0d0bb923ad8812c4519446b1e0c2850823284aa74ddf9854a9dd343?s=96&d=mm&r=g\",\"contentUrl\":\"https:\\\/\\\/secure.gravatar.com\\\/avatar\\\/e738b136a0d0bb923ad8812c4519446b1e0c2850823284aa74ddf9854a9dd343?s=96&d=mm&r=g\",\"caption\":\"ContentManager\"},\"sameAs\":[\"http:\\\/\\\/www.indigitalec.com\\\/eilEcuador\"],\"url\":\"https:\\\/\\\/www.eilecuador.org\\\/es\\\/author\\\/contentmanager\\\/\"}]}<\/script>\n<!-- \/ Yoast SEO Premium plugin. -->","yoast_head_json":{"title":"Ecuador Habla Ingl\u00e9s! - EIL Ecuador","description":"Ecuador habla Ingl\u00e9s: Ministerio de Educaci\u00f3n y la Embajada de los Estados Unidos firmaron carta de cooperaci\u00f3n por temas de ense\u00f1anza de ingl\u00e9s","robots":{"index":"index","follow":"follow","max-snippet":"max-snippet:-1","max-image-preview":"max-image-preview:large","max-video-preview":"max-video-preview:-1"},"canonical":"https:\/\/www.eilecuador.org\/es\/ecuador-habla-ingles\/","og_locale":"es_ES","og_type":"article","og_title":"Ecuador Habla Ingl\u00e9s!","og_description":"Ecuador habla Ingl\u00e9s: Ministerio de Educaci\u00f3n y la Embajada de los Estados Unidos firmaron carta de cooperaci\u00f3n por temas de ense\u00f1anza de ingl\u00e9s","og_url":"https:\/\/www.eilecuador.org\/es\/ecuador-habla-ingles\/","og_site_name":"EIL Ecuador","article_publisher":"https:\/\/www.facebook.com\/eil.ecuador\/","article_published_time":"2020-06-17T00:00:41+00:00","author":"ContentManager","twitter_card":"summary_large_image","twitter_creator":"@EILEcuador","twitter_site":"@EILEcuador","twitter_misc":{"Escrito por":"ContentManager","Tiempo de lectura":"4 minutos"},"schema":{"@context":"https:\/\/schema.org","@graph":[{"@type":"Article","@id":"https:\/\/www.eilecuador.org\/es\/ecuador-habla-ingles\/#article","isPartOf":{"@id":"https:\/\/www.eilecuador.org\/es\/ecuador-habla-ingles\/"},"author":{"name":"ContentManager","@id":"https:\/\/www.eilecuador.org\/es\/#\/schema\/person\/1328d5f727d80226e9625c5057fa2cb9"},"headline":"Ecuador Habla Ingl\u00e9s!","datePublished":"2020-06-17T00:00:41+00:00","mainEntityOfPage":{"@id":"https:\/\/www.eilecuador.org\/es\/ecuador-habla-ingles\/"},"wordCount":772,"commentCount":1,"publisher":{"@id":"https:\/\/www.eilecuador.org\/es\/#organization"},"image":{"@id":"https:\/\/www.eilecuador.org\/es\/ecuador-habla-ingles\/#primaryimage"},"thumbnailUrl":"","articleSection":["Noticias"],"inLanguage":"es","potentialAction":[{"@type":"CommentAction","name":"Comment","target":["https:\/\/www.eilecuador.org\/es\/ecuador-habla-ingles\/#respond"]}]},{"@type":"WebPage","@id":"https:\/\/www.eilecuador.org\/es\/ecuador-habla-ingles\/","url":"https:\/\/www.eilecuador.org\/es\/ecuador-habla-ingles\/","name":"Ecuador Habla Ingl\u00e9s! - EIL Ecuador","isPartOf":{"@id":"https:\/\/www.eilecuador.org\/es\/#website"},"primaryImageOfPage":{"@id":"https:\/\/www.eilecuador.org\/es\/ecuador-habla-ingles\/#primaryimage"},"image":{"@id":"https:\/\/www.eilecuador.org\/es\/ecuador-habla-ingles\/#primaryimage"},"thumbnailUrl":"","datePublished":"2020-06-17T00:00:41+00:00","description":"Ecuador habla Ingl\u00e9s: Ministerio de Educaci\u00f3n y la Embajada de los Estados Unidos firmaron carta de cooperaci\u00f3n por temas de ense\u00f1anza de ingl\u00e9s","breadcrumb":{"@id":"https:\/\/www.eilecuador.org\/es\/ecuador-habla-ingles\/#breadcrumb"},"inLanguage":"es","potentialAction":[{"@type":"ReadAction","target":["https:\/\/www.eilecuador.org\/es\/ecuador-habla-ingles\/"]}]},{"@type":"ImageObject","inLanguage":"es","@id":"https:\/\/www.eilecuador.org\/es\/ecuador-habla-ingles\/#primaryimage","url":"","contentUrl":""},{"@type":"BreadcrumbList","@id":"https:\/\/www.eilecuador.org\/es\/ecuador-habla-ingles\/#breadcrumb","itemListElement":[{"@type":"ListItem","position":1,"name":"Home","item":"https:\/\/www.eilecuador.org\/es\/"},{"@type":"ListItem","position":2,"name":"Ecuador Habla Ingl\u00e9s!"}]},{"@type":"WebSite","@id":"https:\/\/www.eilecuador.org\/es\/#website","url":"https:\/\/www.eilecuador.org\/es\/","name":"EIL Ecuador","description":"Study, Work and Travel","publisher":{"@id":"https:\/\/www.eilecuador.org\/es\/#organization"},"potentialAction":[{"@type":"SearchAction","target":{"@type":"EntryPoint","urlTemplate":"https:\/\/www.eilecuador.org\/es\/?s={search_term_string}"},"query-input":{"@type":"PropertyValueSpecification","valueRequired":true,"valueName":"search_term_string"}}],"inLanguage":"es"},{"@type":"Organization","@id":"https:\/\/www.eilecuador.org\/es\/#organization","name":"EIL Ecuador","url":"https:\/\/www.eilecuador.org\/es\/","logo":{"@type":"ImageObject","inLanguage":"es","@id":"https:\/\/www.eilecuador.org\/es\/#\/schema\/logo\/image\/","url":"http:\/\/www.indigitalec.com\/eilEcuador\/wp-content\/uploads\/2023\/04\/logo-eil-ecuador.png","contentUrl":"http:\/\/www.indigitalec.com\/eilEcuador\/wp-content\/uploads\/2023\/04\/logo-eil-ecuador.png","width":454,"height":139,"caption":"EIL Ecuador"},"image":{"@id":"https:\/\/www.eilecuador.org\/es\/#\/schema\/logo\/image\/"},"sameAs":["https:\/\/www.facebook.com\/eil.ecuador\/","https:\/\/x.com\/EILEcuador","https:\/\/www.instagram.com\/eil.ecuador\/"]},{"@type":"Person","@id":"https:\/\/www.eilecuador.org\/es\/#\/schema\/person\/1328d5f727d80226e9625c5057fa2cb9","name":"ContentManager","image":{"@type":"ImageObject","inLanguage":"es","@id":"https:\/\/secure.gravatar.com\/avatar\/e738b136a0d0bb923ad8812c4519446b1e0c2850823284aa74ddf9854a9dd343?s=96&d=mm&r=g","url":"https:\/\/secure.gravatar.com\/avatar\/e738b136a0d0bb923ad8812c4519446b1e0c2850823284aa74ddf9854a9dd343?s=96&d=mm&r=g","contentUrl":"https:\/\/secure.gravatar.com\/avatar\/e738b136a0d0bb923ad8812c4519446b1e0c2850823284aa74ddf9854a9dd343?s=96&d=mm&r=g","caption":"ContentManager"},"sameAs":["http:\/\/www.indigitalec.com\/eilEcuador"],"url":"https:\/\/www.eilecuador.org\/es\/author\/contentmanager\/"}]}},"_links":{"self":[{"href":"https:\/\/www.eilecuador.org\/es\/wp-json\/wp\/v2\/posts\/28402","targetHints":{"allow":["GET"]}}],"collection":[{"href":"https:\/\/www.eilecuador.org\/es\/wp-json\/wp\/v2\/posts"}],"about":[{"href":"https:\/\/www.eilecuador.org\/es\/wp-json\/wp\/v2\/types\/post"}],"author":[{"embeddable":true,"href":"https:\/\/www.eilecuador.org\/es\/wp-json\/wp\/v2\/users\/1"}],"replies":[{"embeddable":true,"href":"https:\/\/www.eilecuador.org\/es\/wp-json\/wp\/v2\/comments?post=28402"}],"version-history":[{"count":0,"href":"https:\/\/www.eilecuador.org\/es\/wp-json\/wp\/v2\/posts\/28402\/revisions"}],"wp:featuredmedia":[{"embeddable":true,"href":"https:\/\/www.eilecuador.org\/es\/wp-json\/"}],"wp:attachment":[{"href":"https:\/\/www.eilecuador.org\/es\/wp-json\/wp\/v2\/media?parent=28402"}],"wp:term":[{"taxonomy":"category","embeddable":true,"href":"https:\/\/www.eilecuador.org\/es\/wp-json\/wp\/v2\/categories?post=28402"},{"taxonomy":"post_tag","embeddable":true,"href":"https:\/\/www.eilecuador.org\/es\/wp-json\/wp\/v2\/tags?post=28402"}],"curies":[{"name":"wp","href":"https:\/\/api.w.org\/{rel}","templated":true}]}}